{"id":3112,"date":"2024-05-15T13:38:08","date_gmt":"2024-05-15T11:38:08","guid":{"rendered":"https:\/\/bahiadorada.es\/?p=3112"},"modified":"2024-06-23T18:10:14","modified_gmt":"2024-06-23T16:10:14","slug":"conoce-todo-sobre-la-feria-de-san-isidro-en-estepona","status":"publish","type":"post","link":"https:\/\/bahiadorada.es\/en\/2024\/05\/15\/conoce-todo-sobre-la-feria-de-san-isidro-en-estepona\/","title":{"rendered":"Conoce todo sobre la Feria de San Isidro en Estepona"},"content":{"rendered":"\t\t<div data-elementor-type=\"wp-post\" data-elementor-id=\"3112\" class=\"elementor elementor-3112\" data-elementor-post-type=\"post\">\n\t\t\t\t\t\t<section class=\"elementor-section elementor-top-section elementor-element elementor-element-e2969e2 elementor-section-full_width elementor-section-height-default elementor-section-height-default\" data-id=\"e2969e2\" data-element_type=\"section\" data-e-type=\"section\">\n\t\t\t\t\t\t<div class=\"elementor-container elementor-column-gap-default\">\n\t\t\t\t\t<div class=\"elementor-column elementor-col-100 elementor-top-column elementor-element elementor-element-7c655bc\" data-id=\"7c655bc\" data-element_type=\"column\" data-e-type=\"column\">\n\t\t\t<div class=\"elementor-widget-wrap elementor-element-populated\">\n\t\t\t\t\t\t<div class=\"elementor-element elementor-element-63bda29 elementor-widget elementor-widget-image\" data-id=\"63bda29\" data-element_type=\"widget\" data-e-type=\"widget\" data-widget_type=\"image.default\">\n\t\t\t\t<div class=\"elementor-widget-container\">\n\t\t\t\t\t\t\t\t\t\t\t\t\t\t\t<img fetchpriority=\"high\" decoding=\"async\" width=\"1500\" height=\"841\" src=\"https:\/\/bahiadorada.es\/wp-content\/uploads\/2024\/05\/san_isidro_estepona.jpg\" class=\"attachment-full size-full wp-image-3117\" alt=\"\" srcset=\"https:\/\/bahiadorada.es\/wp-content\/uploads\/2024\/05\/san_isidro_estepona.jpg 1500w, https:\/\/bahiadorada.es\/wp-content\/uploads\/2024\/05\/san_isidro_estepona-300x168.jpg 300w, https:\/\/bahiadorada.es\/wp-content\/uploads\/2024\/05\/san_isidro_estepona-1024x574.jpg 1024w, https:\/\/bahiadorada.es\/wp-content\/uploads\/2024\/05\/san_isidro_estepona-768x431.jpg 768w\" sizes=\"(max-width: 1500px) 100vw, 1500px\" \/>\t\t\t\t\t\t\t\t\t\t\t\t\t\t\t<\/div>\n\t\t\t\t<\/div>\n\t\t\t\t\t<\/div>\n\t\t<\/div>\n\t\t\t\t\t<\/div>\n\t\t<\/section>\n\t\t\t\t<section class=\"elementor-section elementor-top-section elementor-element elementor-element-394e25f elementor-section-boxed elementor-section-height-default elementor-section-height-default\" data-id=\"394e25f\" data-element_type=\"section\" data-e-type=\"section\">\n\t\t\t\t\t\t<div class=\"elementor-container elementor-column-gap-default\">\n\t\t\t\t\t<div class=\"elementor-column elementor-col-100 elementor-top-column elementor-element elementor-element-498dd7a\" data-id=\"498dd7a\" data-element_type=\"column\" data-e-type=\"column\">\n\t\t\t<div class=\"elementor-widget-wrap elementor-element-populated\">\n\t\t\t\t\t\t<div class=\"elementor-element elementor-element-7c93e5c elementor-widget elementor-widget-heading\" data-id=\"7c93e5c\" data-element_type=\"widget\" data-e-type=\"widget\" data-widget_type=\"heading.default\">\n\t\t\t\t<div class=\"elementor-widget-container\">\n\t\t\t\t\t<h1 class=\"elementor-heading-title elementor-size-default\">Conoce todo sobre la Feria de San Isidro en Estepona<\/h1>\t\t\t\t<\/div>\n\t\t\t\t<\/div>\n\t\t\t\t\t<\/div>\n\t\t<\/div>\n\t\t\t\t\t<\/div>\n\t\t<\/section>\n\t\t\t\t<section class=\"elementor-section elementor-top-section elementor-element elementor-element-f32ec41 elementor-section-boxed elementor-section-height-default elementor-section-height-default\" data-id=\"f32ec41\" data-element_type=\"section\" data-e-type=\"section\">\n\t\t\t\t\t\t<div class=\"elementor-container elementor-column-gap-default\">\n\t\t\t\t\t<div class=\"elementor-column elementor-col-100 elementor-top-column elementor-element elementor-element-7f68781\" data-id=\"7f68781\" data-element_type=\"column\" data-e-type=\"column\">\n\t\t\t<div class=\"elementor-widget-wrap elementor-element-populated\">\n\t\t\t\t\t\t<div class=\"elementor-element elementor-element-235b085 elementor-widget elementor-widget-text-editor\" data-id=\"235b085\" data-element_type=\"widget\" data-e-type=\"widget\" data-widget_type=\"text-editor.default\">\n\t\t\t\t<div class=\"elementor-widget-container\">\n\t\t\t\t\t\t\t\t\t<p>La Feria de San Isidro Labrador es una celebraci\u00f3n muy esperada en este municipio de la Costa del Sol. Cada a\u00f1o, Estepona se transforma en un hervidero de actividades y tradiciones que reflejan la rica herencia agr\u00edcola y ganadera de la regi\u00f3n.<\/p><p>Este evento no solo honra a San Isidro Labrador, el patr\u00f3n de los agricultores, sino que tambi\u00e9n ofrece a locales y visitantes una experiencia \u00fanica que combina devoci\u00f3n religiosa, cultura popular y gastronom\u00eda.<\/p><p>Descubre todo sobre la Feria de San Isidro, desde su historia y significado hasta las actividades m\u00e1s destacadas que ocurren durante estos d\u00edas de fiesta.<\/p><h2>Historia y significado de la Feria<\/h2><p>San Isidro Labrador, cuyo nombre real era Isidro de Merlo y Quintana, vivi\u00f3 en la Madrid del siglo XII y es venerado como el patr\u00f3n de los agricultores. La feria se celebra cada a\u00f1o del 10 al 15 de mayo, culminando el d\u00eda 15 con la tradicional procesi\u00f3n en honor a San Isidro.<\/p><p>La vida de San Isidro estuvo marcada por la dedicaci\u00f3n al trabajo agr\u00edcola y la realizaci\u00f3n de numerosos milagros relacionados con la provisi\u00f3n de alimentos y agua, lo que lo convirti\u00f3 en una figura ic\u00f3nica para las comunidades rurales de Espa\u00f1a.<\/p><p>En 2009, la Feria de San Isidro fue declarada de Inter\u00e9s Tur\u00edstico de Andaluc\u00eda, un reconocimiento que subraya su importancia cultural y su capacidad para atraer a visitantes de fuera de la regi\u00f3n.<\/p><p>Para los visitantes, la feria ofrece una oportunidad \u00fanica para sumergirse en la aut\u00e9ntica vida andaluza, experimentar la hospitalidad local y participar en una fiesta que celebra la historia, la fe y la cultura de este rinc\u00f3n especial de la Costa del Sol.<\/p><h2>Actividades de la Feria de San Isidro<\/h2><p>La Feria de San Isidro en Estepona ofrece una semana repleta de actividades que destacan la cultura y tradiciones locales. Algunas actividades pueden variar cada a\u00f1o:<\/p><ul><li><strong>Misa en honor a San Isidro Labrador:<\/strong> Es com\u00fan que la feria comience con una misa en la iglesia local en honor al santo patr\u00f3n de Estepona, San Isidro Labrador.<\/li><li><strong>Procesi\u00f3n:<\/strong> Una procesi\u00f3n por las calles de Estepona llevando la imagen de San Isidro es una tradici\u00f3n que se celebra anualmente.<\/li><li><strong>Conciertos y espect\u00e1culos:<\/strong> Se suelen programar conciertos en vivo con artistas locales o incluso reconocidos a nivel nacional, as\u00ed como espect\u00e1culos de m\u00fasica y baile tradicionales.<\/li><li><strong>Feria de d\u00eda y de noche:<\/strong> La feria suele tener dos partes distintas, una durante el d\u00eda con actividades para toda la familia, como atracciones mec\u00e1nicas, puestos de comida y artesan\u00edas, mientras que la noche se centra m\u00e1s en la m\u00fasica, baile y entretenimiento para adultos.<\/li><li><strong>Gastronom\u00eda:<\/strong> Los visitantes pueden disfrutar de una amplia variedad de platos t\u00edpicos de la regi\u00f3n, as\u00ed como de bebidas locales.<\/li><li><strong>Eventos deportivos:<\/strong> Algunas ferias incluyen competiciones deportivas, como torneos de f\u00fatbol, baloncesto o carreras populares.<\/li><li><strong>Fuegos artificiales:<\/strong> La feria suele culminar con un espect\u00e1culo de fuegos artificiales que ilumina el cielo nocturno.<\/li><li><strong>Actividades para ni\u00f1os:<\/strong> Zonas infantiles con juegos, talleres y actividades educativas para los m\u00e1s peque\u00f1os.<\/li><li><strong>Exposiciones y actividades culturales:<\/strong> Pueden organizarse exposiciones de arte, fotograf\u00eda o artesan\u00eda, as\u00ed como charlas y actividades relacionadas con la cultura local.<\/li><li><strong>Mercadillos y ferias tem\u00e1ticas:<\/strong> Puede que se organicen mercadillos con productos locales, as\u00ed como ferias tem\u00e1ticas centradas en la agricultura, la ganader\u00eda o la artesan\u00eda.<\/li><\/ul><p>La feria culmina con la jubilosa salida procesional del santo por las calles de Estepona. Aunque la feria dura del 10 al 15 de mayo, esta se puede extender por m\u00e1s d\u00edas.<\/p><h2>Lugar de la Feria de San Isidro en Estepona<\/h2><p>La Feria de San Isidro en Estepona se celebra en varios lugares emblem\u00e1ticos del municipio, creando un ambiente festivo que se extiende por toda la localidad:<\/p><h3>Iglesia de San Jos\u00e9<\/h3><p>Aqu\u00ed comienza la procesi\u00f3n del 15 de mayo en honor a San Isidro Labrador. La iglesia se convierte en el epicentro religioso de la festividad, donde se celebra la eucarist\u00eda y se realiza la ofrenda floral al santo patr\u00f3n.<\/p><h3>Calles del Casco Antiguo<\/h3><p>Las calles del casco antiguo de Estepona se engalanan para la ocasi\u00f3n y son el escenario principal de la procesi\u00f3n. Los residentes y visitantes se re\u00fanen aqu\u00ed para acompa\u00f1ar a la imagen de San Isidro, creando un ambiente lleno de devoci\u00f3n.<\/p><h3>Plazas y espacios p\u00fablicos<\/h3><p>Diversas plazas y espacios p\u00fablicos de Estepona albergan actividades como talleres de artesan\u00eda, concursos de ganado, exhibiciones ecuestres, y otras demostraciones de habilidades tradicionales.<\/p><h3>Campos y \u00e1reas rurales cercanas<\/h3><p>Algunas actividades relacionadas con la tradici\u00f3n agr\u00edcola y ganadera, como concursos de destreza y gymkanas. Esto ocurre en \u00e1reas rurales cercanas, para resaltar la conexi\u00f3n de la feria con el campo y la naturaleza.<\/p><h2>\u00bfC\u00f3mo llegar a la Feria de San Isidro?<\/h2><p>Para llegar a la Iglesia de San Jos\u00e9 en Estepona desde el Aeropuerto de M\u00e1laga, tienes dos opciones: transporte p\u00fablico o coche. En transporte p\u00fablico, el viaje tomar\u00e1 un poco m\u00e1s de dos horas.<\/p><p>Los horarios de los transportes pueden variar, especialmente los fines de semana y festivos, as\u00ed que te sugerimos revisar los horarios con antelaci\u00f3n. Consulta las indicaciones detalladas en Google Maps para planificar tu ruta.<\/p><p>Si decides ir en coche, el viaje durar\u00e1 cerca de 1 hora y la ruta m\u00e1s r\u00e1pida es por la AP-7. Al pasar la caseta de Polic\u00eda Nacional, encontrar\u00e1s los Altares de San Isidro Labrador, que se ubican en el casco hist\u00f3rico de Estepona.<\/p><p>Sin embargo, el aparcamiento en Estepona puede ser complicado durante la feria, cuando hay mayor afluencia de visitantes. As\u00ed que, sal con tiempo suficiente para evitar el tr\u00e1fico y puedas encontrar d\u00f3nde aparcar.<\/p><h2>\u00bfD\u00f3nde dormir durante la Feria de San Isidro?<\/h2><p>La Feria de San Isidro en Estepona, al extenderse por varios d\u00edas, hace que muchos visitantes se queden en la localidad para disfrutar de todas las festividades. Para una experiencia de alojamiento c\u00f3moda y conveniente, considera quedarte en una <a href=\"https:\/\/bahiadorada.es\/villa-la-encina\/\">villa vacacional<\/a>.<\/p><p>Estas villas cuentan con una cocina completa, permiti\u00e9ndote preparar tu propia comida y disfrutar de la gastronom\u00eda local en un ambiente privado. Adem\u00e1s, las \u00e1reas de estar espaciosas brindan un lugar ideal para relajarse despu\u00e9s de un d\u00eda lleno de actividades.<\/p><p>La conexi\u00f3n Wi-Fi gratuita es otra comodidad que asegura que puedas mantenerte conectado a Internet y compartir tus experiencias en tiempo real.<\/p><p>Y lo mejor es que podr\u00e1s llegar desde aqu\u00ed hasta el casco hist\u00f3rico de Estepona en menos de 20 minutos en coche, para que disfrutes de la Feria como siempre has querido.<\/p><h2>\u00bfPor qu\u00e9 visitar la Feria de San Isidro?<\/h2><p>La Feria de San Isidro en Estepona ofrece una experiencia \u00fanica que combina devoci\u00f3n religiosa y cultura popular en un ambiente festivo y acogedor.<\/p><p>Desde sus or\u00edgenes hist\u00f3ricos hasta las actividades que se desarrollan durante toda la semana, esta celebraci\u00f3n encapsula la esencia de la vida andaluza y da a los visitantes una oportunidad inigualable para sumergirse en la aut\u00e9ntica cultura de la regi\u00f3n.<\/p><p>Ya sea por su importancia cultural o su ambiente festivo, la Feria de San Isidro en Estepona es una experiencia que no te puedes perder. Sum\u00e9rgete en esta celebraci\u00f3n anual y descubre por qu\u00e9 es una de las festividades m\u00e1s esperadas en la Costa del Sol.<\/p><p>\u00a0<\/p><h2>Preguntas frecuentes sobre la Feria de San Isidro de Estepona<\/h2><h3>Q: \u00bfQu\u00e9 es la Feria de San Isidro en Estepona?<\/h3><p>A: La Feria de San Isidro en Estepona es una celebraci\u00f3n anual en honor a San Isidro Labrador, el santo patrono de los agricultores y labradores.<\/p><h3>Q: \u00bfCu\u00e1ndo se celebra la Feria de San Isidro en Estepona?<\/h3><p>A: La Feria de San Isidro en Estepona se celebra del 9 al 15 de mayo.<\/p><h3>Q: \u00bfQu\u00e9 actividades puedes encontrar en la Feria de San Isidro en Estepona?<\/h3><p>A: En la Feria de San Isidro en Estepona puedes disfrutar de atracciones, actuaciones de baile, degustaci\u00f3n de la tradicional sopa campera, fiestas infantiles, baile con orquesta, concursos de vinos, destreza con el hacha, talleres de elaboraci\u00f3n de pan, entre otras actividades.<\/p><h3>Q: \u00bfQu\u00e9 es la sopa campera que se menciona en la Feria de San Isidro en Estepona?<\/h3><p>A: La sopa campera es un plato tradicional que se ofrece en la feria, preparado con ingredientes como sopa campera con el donativo, siendo parte de los beneficios para los nuevos proyectos de la hermandad de San Isidro Labrador.<\/p><h3>Q: \u00bfQu\u00e9 eventos destacados tienen lugar durante la Feria de San Isidro en Estepona?<\/h3><p>A: Durante la Feria de San Isidro en Estepona se llevan a cabo la inauguraci\u00f3n del parque de atracciones, la coronaci\u00f3n de las reinas y damas de honor, exposiciones de canarios, actuaciones de academias de baile, entre otros eventos destacados.<\/p><h3>Q: \u00bfD\u00f3nde se celebra la Feria de San Isidro en Estepona?<\/h3><p>A: La Feria de San Isidro en Estepona se celebra en el recinto ferial de la ciudad.<\/p><h3>Q: \u00bfQu\u00e9 grupos musicales participan en la Feria de San Isidro en Estepona?<\/h3><p><\/p><p>A: En la Feria de San Isidro en Estepona puedes disfrutar de m\u00fasica de animaci\u00f3n a cargo de la agrupaci\u00f3n musical \u2018Marbella\u2019, animaci\u00f3n con m\u00fasica a cargo de un DJ, y actuaciones en vivo de grupos como \u2018Latidos\u2019.<\/p>\t\t\t\t\t\t\t\t<\/div>\n\t\t\t\t<\/div>\n\t\t\t\t\t<\/div>\n\t\t<\/div>\n\t\t\t\t\t<\/div>\n\t\t<\/section>\n\t\t\t\t<section class=\"elementor-section elementor-top-section elementor-element elementor-element-7f752d9e elementor-section-boxed elementor-section-height-default elementor-section-height-default\" data-id=\"7f752d9e\" data-element_type=\"section\" data-e-type=\"section\">\n\t\t\t\t\t\t<div class=\"elementor-container elementor-column-gap-default\">\n\t\t\t\t\t<div class=\"elementor-column elementor-col-100 elementor-top-column elementor-element elementor-element-140b879e\" data-id=\"140b879e\" data-element_type=\"column\" data-e-type=\"column\">\n\t\t\t<div class=\"elementor-widget-wrap elementor-element-populated\">\n\t\t\t\t\t\t<div class=\"elementor-element elementor-element-1a32dffd elementor-widget elementor-widget-heading\" data-id=\"1a32dffd\" data-element_type=\"widget\" data-e-type=\"widget\" data-widget_type=\"heading.default\">\n\t\t\t\t<div class=\"elementor-widget-container\">\n\t\t\t\t\t<h2 class=\"elementor-heading-title elementor-size-default\">Reserva tu alojamiento en Estepona<\/h2>\t\t\t\t<\/div>\n\t\t\t\t<\/div>\n\t\t\t\t<div class=\"elementor-element elementor-element-72b78959 elementor-widget-divider--view-line elementor-widget elementor-widget-divider\" data-id=\"72b78959\" data-element_type=\"widget\" data-e-type=\"widget\" data-widget_type=\"divider.default\">\n\t\t\t\t<div class=\"elementor-widget-container\">\n\t\t\t\t\t\t\t<div class=\"elementor-divider\">\n\t\t\t<span class=\"elementor-divider-separator\">\n\t\t\t\t\t\t<\/span>\n\t\t<\/div>\n\t\t\t\t\t\t<\/div>\n\t\t\t\t<\/div>\n\t\t\t\t<div class=\"elementor-element elementor-element-30c583aa elementor-widget elementor-widget-text-editor\" data-id=\"30c583aa\" data-element_type=\"widget\" data-e-type=\"widget\" data-widget_type=\"text-editor.default\">\n\t\t\t\t<div class=\"elementor-widget-container\">\n\t\t\t\t\t\t\t\t\t<p>Villa de lujo con capacidad hasta 7 personas en urbanizaci\u00f3n privada con piscinas, pista de tenis y aparcamiento.<\/p><p>Dispone de 3 dormitorios, 360 metros cuadrados, varias terrazas, 3 ba\u00f1os, 1 aseo y vistas al mar. La mejor relaci\u00f3n calidad precio de Estepona \u00a1Compru\u00e9balo!<\/p>\t\t\t\t\t\t\t\t<\/div>\n\t\t\t\t<\/div>\n\t\t\t\t<div class=\"elementor-element elementor-element-296e1175 elementor-widget elementor-widget-html\" data-id=\"296e1175\" data-element_type=\"widget\" data-e-type=\"widget\" data-widget_type=\"html.default\">\n\t\t\t\t<div class=\"elementor-widget-container\">\n\t\t\t\t\t\r\n<div id=\"apartmentIframeAll\">\r\n<script type=\"text\/javascript\" src=\"https:\/\/login.smoobu.com\/js\/Settings\/BookingToolIframe.js\"><\/script>\r\n<script>BookingToolIframe.initialize({\"url\": \"https:\/\/login.smoobu.com\/es\/booking-tool\/iframe\/367066\", \"baseUrl\": \"https:\/\/login.smoobu.com\", \"target\": \"#apartmentIframeAll\"})<\/script>\r\n<\/div>\r\n\t\t\t\t<\/div>\n\t\t\t\t<\/div>\n\t\t\t\t\t<\/div>\n\t\t<\/div>\n\t\t\t\t\t<\/div>\n\t\t<\/section>\n\t\t\t\t<\/div>\n\t\t","protected":false},"excerpt":{"rendered":"<p>Descubre todas las celebraciones y tradiciones de la Feria de San Isidro en Estepona, una fiesta declarada de Inter\u00e9s Tur\u00edstico de Andaluc\u00eda. \u00a1No te la pierdas del 9 al 15 de mayo!<\/p>\n","protected":false},"author":2,"featured_media":3117,"comment_status":"closed","ping_status":"closed","sticky":false,"template":"elementor_header_footer","format":"standard","meta":{"site-sidebar-layout":"default","site-content-layout":"","ast-site-content-layout":"full-width-container","site-content-style":"unboxed","site-sidebar-style":"default","ast-global-header-display":"","ast-banner-title-visibility":"","ast-main-header-display":"","ast-hfb-above-header-display":"","ast-hfb-below-header-display":"","ast-hfb-mobile-header-display":"","site-post-title":"","ast-breadcrumbs-content":"","ast-featured-img":"","footer-sml-layout":"","ast-disable-related-posts":"","theme-transparent-header-meta":"enabled","adv-header-id-meta":"","stick-header-meta":"","header-above-stick-meta":"","header-main-stick-meta":"","header-below-stick-meta":"","astra-migrate-meta-layouts":"set","ast-page-background-enabled":"default","ast-page-background-meta":{"desktop":{"background-color":"","background-image":"","background-repeat":"repeat","background-position":"center center","background-size":"auto","background-attachment":"scroll","background-type":"","background-media":"","overlay-type":"","overlay-color":"","overlay-opacity":"","overlay-gradient":""},"tablet":{"background-color":"","background-image":"","background-repeat":"repeat","background-position":"center center","background-size":"auto","background-attachment":"scroll","background-type":"","background-media":"","overlay-type":"","overlay-color":"","overlay-opacity":"","overlay-gradient":""},"mobile":{"background-color":"","background-image":"","background-repeat":"repeat","background-position":"center center","background-size":"auto","background-attachment":"scroll","background-type":"","background-media":"","overlay-type":"","overlay-color":"","overlay-opacity":"","overlay-gradient":""}},"ast-content-background-meta":{"desktop":{"background-color":"var(--ast-global-color-5)","background-image":"","background-repeat":"repeat","background-position":"center center","background-size":"auto","background-attachment":"scroll","background-type":"","background-media":"","overlay-type":"","overlay-color":"","overlay-opacity":"","overlay-gradient":""},"tablet":{"background-color":"var(--ast-global-color-5)","background-image":"","background-repeat":"repeat","background-position":"center center","background-size":"auto","background-attachment":"scroll","background-type":"","background-media":"","overlay-type":"","overlay-color":"","overlay-opacity":"","overlay-gradient":""},"mobile":{"background-color":"var(--ast-global-color-5)","background-image":"","background-repeat":"repeat","background-position":"center center","background-size":"auto","background-attachment":"scroll","background-type":"","background-media":"","overlay-type":"","overlay-color":"","overlay-opacity":"","overlay-gradient":""}},"footnotes":""},"categories":[1],"tags":[],"class_list":["post-3112","post","type-post","status-publish","format-standard","has-post-thumbnail","hentry","category-sin-categorizar"],"_links":{"self":[{"href":"https:\/\/bahiadorada.es\/en\/wp-json\/wp\/v2\/posts\/3112","targetHints":{"allow":["GET"]}}],"collection":[{"href":"https:\/\/bahiadorada.es\/en\/wp-json\/wp\/v2\/posts"}],"about":[{"href":"https:\/\/bahiadorada.es\/en\/wp-json\/wp\/v2\/types\/post"}],"author":[{"embeddable":true,"href":"https:\/\/bahiadorada.es\/en\/wp-json\/wp\/v2\/users\/2"}],"replies":[{"embeddable":true,"href":"https:\/\/bahiadorada.es\/en\/wp-json\/wp\/v2\/comments?post=3112"}],"version-history":[{"count":5,"href":"https:\/\/bahiadorada.es\/en\/wp-json\/wp\/v2\/posts\/3112\/revisions"}],"predecessor-version":[{"id":3766,"href":"https:\/\/bahiadorada.es\/en\/wp-json\/wp\/v2\/posts\/3112\/revisions\/3766"}],"wp:featuredmedia":[{"embeddable":true,"href":"https:\/\/bahiadorada.es\/en\/wp-json\/wp\/v2\/media\/3117"}],"wp:attachment":[{"href":"https:\/\/bahiadorada.es\/en\/wp-json\/wp\/v2\/media?parent=3112"}],"wp:term":[{"taxonomy":"category","embeddable":true,"href":"https:\/\/bahiadorada.es\/en\/wp-json\/wp\/v2\/categories?post=3112"},{"taxonomy":"post_tag","embeddable":true,"href":"https:\/\/bahiadorada.es\/en\/wp-json\/wp\/v2\/tags?post=3112"}],"curies":[{"name":"wp","href":"https:\/\/api.w.org\/{rel}","templated":true}]}}