{"id":3672,"date":"2024-06-23T13:40:07","date_gmt":"2024-06-23T11:40:07","guid":{"rendered":"https:\/\/bahiadorada.es\/?p=3672"},"modified":"2024-06-23T17:56:53","modified_gmt":"2024-06-23T15:56:53","slug":"estepona-sostenible-un-destino-ecologico-para-nomadas-digitales","status":"publish","type":"post","link":"https:\/\/bahiadorada.es\/en\/2024\/06\/23\/estepona-sostenible-un-destino-ecologico-para-nomadas-digitales\/","title":{"rendered":"Estepona sostenible: Un destino ecol\u00f3gico para n\u00f3madas digitales"},"content":{"rendered":"\t\t<div data-elementor-type=\"wp-post\" data-elementor-id=\"3672\" class=\"elementor elementor-3672\" data-elementor-post-type=\"post\">\n\t\t\t\t\t\t<section class=\"elementor-section elementor-top-section elementor-element elementor-element-cb99942 elementor-section-full_width elementor-section-height-default elementor-section-height-default\" data-id=\"cb99942\" data-element_type=\"section\" data-e-type=\"section\">\n\t\t\t\t\t\t<div class=\"elementor-container elementor-column-gap-default\">\n\t\t\t\t\t<div class=\"elementor-column elementor-col-100 elementor-top-column elementor-element elementor-element-de62e93\" data-id=\"de62e93\" data-element_type=\"column\" data-e-type=\"column\">\n\t\t\t<div class=\"elementor-widget-wrap elementor-element-populated\">\n\t\t\t\t\t\t<div class=\"elementor-element elementor-element-2f7d636 elementor-widget elementor-widget-image\" data-id=\"2f7d636\" data-element_type=\"widget\" data-e-type=\"widget\" data-widget_type=\"image.default\">\n\t\t\t\t<div class=\"elementor-widget-container\">\n\t\t\t\t\t\t\t\t\t\t\t\t\t\t\t<img fetchpriority=\"high\" decoding=\"async\" width=\"1500\" height=\"1001\" src=\"https:\/\/bahiadorada.es\/wp-content\/uploads\/2024\/06\/estepona_sostenible.jpg\" class=\"attachment-1536x1536 size-1536x1536 wp-image-3673\" alt=\"\" srcset=\"https:\/\/bahiadorada.es\/wp-content\/uploads\/2024\/06\/estepona_sostenible.jpg 1500w, https:\/\/bahiadorada.es\/wp-content\/uploads\/2024\/06\/estepona_sostenible-300x200.jpg 300w, https:\/\/bahiadorada.es\/wp-content\/uploads\/2024\/06\/estepona_sostenible-1024x683.jpg 1024w, https:\/\/bahiadorada.es\/wp-content\/uploads\/2024\/06\/estepona_sostenible-768x513.jpg 768w\" sizes=\"(max-width: 1500px) 100vw, 1500px\" \/>\t\t\t\t\t\t\t\t\t\t\t\t\t\t\t<\/div>\n\t\t\t\t<\/div>\n\t\t\t\t\t<\/div>\n\t\t<\/div>\n\t\t\t\t\t<\/div>\n\t\t<\/section>\n\t\t\t\t<section class=\"elementor-section elementor-top-section elementor-element elementor-element-7431e1e elementor-section-boxed elementor-section-height-default elementor-section-height-default\" data-id=\"7431e1e\" data-element_type=\"section\" data-e-type=\"section\">\n\t\t\t\t\t\t<div class=\"elementor-container elementor-column-gap-default\">\n\t\t\t\t\t<div class=\"elementor-column elementor-col-100 elementor-top-column elementor-element elementor-element-f310e6c\" data-id=\"f310e6c\" data-element_type=\"column\" data-e-type=\"column\">\n\t\t\t<div class=\"elementor-widget-wrap elementor-element-populated\">\n\t\t\t\t\t\t<div class=\"elementor-element elementor-element-ddf5eac elementor-widget elementor-widget-text-editor\" data-id=\"ddf5eac\" data-element_type=\"widget\" data-e-type=\"widget\" data-widget_type=\"text-editor.default\">\n\t\t\t\t<div class=\"elementor-widget-container\">\n\t\t\t\t\t\t\t\t\t<h1>Estepona sostenible: Un destino ecol\u00f3gico para n\u00f3madas digitales<\/h1><p>En la pintoresca Costa del Sol, entre el resplandor del mar Mediterr\u00e1neo y la majestuosidad de la Sierra Bermeja, emerge Estepona como un destino excepcional que combina encanto hist\u00f3rico, innovaci\u00f3n urbana y un compromiso profundo con la sostenibilidad.<\/p><p>Descubre c\u00f3mo Estepona ha evolucionado hacia un modelo de ciudad moderna y ecol\u00f3gica, ideal para n\u00f3madas digitales conscientes que buscan un estilo de vida equilibrado y respetuoso con el medio ambiente.<\/p><h2>Un vistazo a Estepona<\/h2><p>Con una historia que se remonta al siglo IV, Estepona, conocida como el Jard\u00edn de la Costa, comenz\u00f3 como un pueblo agr\u00edcola y pesquero. Hoy en d\u00eda, este municipio abarca aproximadamente 130 km\u00b2 y cuenta con 23 kil\u00f3metros de costa ba\u00f1ada por el sol durante m\u00e1s de 300 d\u00edas al a\u00f1o, contribuyendo a su atractivo como destino sostenible.<\/p><p>Su ubicaci\u00f3n estrat\u00e9gica, equidistante entre los aeropuertos internacionales de M\u00e1laga y Gibraltar, facilita un acceso r\u00e1pido y conveniente por tierra, mar y aire, destacando su alto nivel de equipamiento urbano.<\/p><p>La ciudad ha conservado su encanto original en el casco antiguo, donde calles estrechas y floridas conducen a plazas llenas de naranjos y edificios encalados, reflejando una armon\u00eda medioambiental.<\/p><p>Estepona se distingue de su vecina m\u00e1s grande, Marbella, por ofrecer playas m\u00e1s tranquilas y limpias, un puerto deportivo activo y un aut\u00e9ntico puerto pesquero donde los pescadores locales venden su captura diaria.<\/p><h2>Compromiso con la sostenibilidad de Estepona<\/h2><p>Uno de los pilares del renacimiento de Estepona ha sido su firme compromiso con la sostenibilidad, en l\u00ednea con las pol\u00edticas del alcalde Jos\u00e9 Mar\u00eda Garc\u00eda Urbano. En los \u00faltimos a\u00f1os la ciudad se ha transformado en un l\u00edder en eficiencia energ\u00e9tica y respeto ambiental, basada en los principios de desarrollo sostenible.<\/p><p>Un hito reciente es la inauguraci\u00f3n del nuevo Ayuntamiento de Estepona, reconocido como el m\u00e1s eficiente y sostenible de Espa\u00f1a, todo bajo la visi\u00f3n del alcalde Jos\u00e9 Mar\u00eda Garc\u00eda Urbano.<\/p><p>Este moderno edificio de siete pisos alberga todos los departamentos municipales bajo un mismo techo, promoviendo una gesti\u00f3n eficiente de recursos y un servicio ciudadano mejorado, cumpliendo as\u00ed con los objetivos de desarrollo sostenible.<\/p><p>El nuevo Ayuntamiento no solo optimiza el espacio y los recursos humanos, sino que tambi\u00e9n incorpora tecnolog\u00edas avanzadas para minimizar su huella ambiental, una iniciativa liderada por el alcalde de Estepona.<\/p><p>Adem\u00e1s, el edificio incluye un aparcamiento p\u00fablico equipado con estaciones de carga para veh\u00edculos el\u00e9ctricos, fomentando el uso de transporte m\u00e1s limpio y contribuyendo a los objetivos de desarrollo sostenible al reducir las emisiones locales.<\/p><h2>Innovaci\u00f3n urbana y proyectos emblem\u00e1ticos<\/h2><p>Estepona se ha convertido en un modelo de innovaci\u00f3n urbana, con proyectos que han transformado la ciudad en un referente de sostenibilidad y calidad de vida.<\/p><p>La creaci\u00f3n del corredor litoral es un claro ejemplo de esta transformaci\u00f3n, ofreciendo un camino continuo a lo largo de la costa que no solo fomenta la actividad f\u00edsica, sino que tambi\u00e9n protege la riqueza natural de la zona.<\/p><p>En l\u00ednea con su compromiso ambiental, el Ayuntamiento ha dado un paso adelante con la implementaci\u00f3n de un sistema de iluminaci\u00f3n sostenible en el corredor litoral, contribuyendo a los objetivos de desarrollo sostenible.<\/p><p>La instalaci\u00f3n de 274 farolas solares a lo largo del sendero, desde el centro comercial Carrefour hasta Playa del \u00c1ngel y desde Andaluc\u00eda Beach hasta el hotel Las Dunas, mejora la seguridad nocturna y reduce la huella de carbono, seg\u00fan las iniciativas de zonas libres de emisi\u00f3n.<\/p><p>La peatonalizaci\u00f3n del casco antiguo ha revitalizado el coraz\u00f3n hist\u00f3rico de Estepona, convirti\u00e9ndolo en un espacio vibrante y casi exento de tr\u00e1fico.<\/p><p>Esta medida, junto con la Zona de Bajas Emisiones (ZBE) en \u00e1reas clave, refuerza la visi\u00f3n de una ciudad que prioriza el bienestar de sus ciudadanos y el respeto por el medio ambiente, limitando la circulaci\u00f3n de veh\u00edculos contaminantes y promoviendo un turismo m\u00e1s verde y cultural.<\/p><p>Estas acciones reflejan el esfuerzo de Estepona por ofrecer un entorno m\u00e1s limpio y saludable, cumpliendo con las regulaciones ambientales y fomentando un desarrollo urbano consciente y sostenible para el disfrute de todos.<\/p><h2>Cultura y patrimonio en Estepona<\/h2><p>La rica herencia cultural de Estepona se refleja en sus numerosos proyectos art\u00edsticos y culturales que forman parte de su desarrollo sostenible. La Ruta de Murales Art\u00edsticos, por ejemplo, ha convertido las fachadas de edificios en lienzos que narran historias locales y tem\u00e1ticas universales.<\/p><p>Entre estos murales se destaca &#8216;Deep&#8217;, una obra monumental que recrea un fondo marino con delfines, tortugas y medusas, capturando la esencia mar\u00edtima de Estepona.<\/p><p>Adem\u00e1s, la ciudad ha desarrollado la Ruta de la Poes\u00eda, integrando versos literarios en el paisaje urbano para enriquecer la experiencia de los transe\u00fantes y promover la apreciaci\u00f3n de la literatura en espacios p\u00fablicos.<\/p><h2>Oportunidades para n\u00f3madas digitales en Estepona<\/h2><p>Estepona no solo atrae a visitantes por su belleza natural y patrimonio cultural, sino tambi\u00e9n por sus condiciones ideales para n\u00f3madas digitales.<\/p><p>Con una infraestructura moderna que incluye conexiones de alta velocidad a Internet y espacios de coworking adaptados a las necesidades de trabajo remoto, la ciudad ofrece un entorno propicio para quienes buscan combinar trabajo y estilo de vida en un entorno inspirador.<\/p><p>Los n\u00f3madas digitales encontrar\u00e1n en Estepona no solo un lugar para trabajar, sino tambi\u00e9n para relajarse y disfrutar de actividades al aire libre durante todo el a\u00f1o.<\/p><p>Desde playas doradas hasta rutas de senderismo en la Sierra Bermeja, la ciudad ofrece un equilibrio perfecto entre productividad y bienestar personal.<\/p><h2>Un futuro prometedor y verde<\/h2><p>Con su nominaci\u00f3n como finalista al premio \u2018Ciudad Europea del A\u00f1o 2023\u2019, Estepona se proyecta como un modelo de desarrollo urbano sostenible y calidad de vida, un logro impulsado por las pol\u00edticas del alcalde Jos\u00e9 Mar\u00eda Garc\u00eda Urbano. Adem\u00e1s de un destino ideal para n\u00f3madas digitales que desean contribuir a un entorno con conciencia ecol\u00f3gica.<\/p><p>La ciudad contin\u00faa expandiendo su oferta de servicios y atracciones, incluyendo la pr\u00f3xima apertura de dos tiendas de la cadena de supermercados org\u00e1nicos Veritas, reforzando su compromiso con una alimentaci\u00f3n saludable y responsable con el medio ambiente.<\/p><p>En los pr\u00f3ximos a\u00f1os, se espera que Estepona siga atrayendo inversiones y visitantes que buscan una ciudad donde la innovaci\u00f3n, la cultura y la sostenibilidad convergen armoniosamente, bajo la gu\u00eda del alcalde Jos\u00e9 Mar\u00eda Garc\u00eda Urbano.<\/p><p>Desde la antigua calidez de su casco hist\u00f3rico hasta las modernas instalaciones del nuevo Ayuntamiento, Estepona promete seguir siendo un destino de referencia para aquellos que valoran un estilo de vida equilibrado y consciente.<\/p><p>\u00a0<\/p>\t\t\t\t\t\t\t\t<\/div>\n\t\t\t\t<\/div>\n\t\t\t\t\t<\/div>\n\t\t<\/div>\n\t\t\t\t\t<\/div>\n\t\t<\/section>\n\t\t\t\t<section class=\"elementor-section elementor-top-section elementor-element elementor-element-499c707 elementor-section-boxed elementor-section-height-default elementor-section-height-default\" data-id=\"499c707\" data-element_type=\"section\" data-e-type=\"section\">\n\t\t\t\t\t\t<div class=\"elementor-container elementor-column-gap-default\">\n\t\t\t\t\t<div class=\"elementor-column elementor-col-100 elementor-top-column elementor-element elementor-element-29fd79f8\" data-id=\"29fd79f8\" data-element_type=\"column\" data-e-type=\"column\">\n\t\t\t<div class=\"elementor-widget-wrap elementor-element-populated\">\n\t\t\t\t\t\t<div class=\"elementor-element elementor-element-76131212 elementor-widget elementor-widget-heading\" data-id=\"76131212\" data-element_type=\"widget\" data-e-type=\"widget\" data-widget_type=\"heading.default\">\n\t\t\t\t<div class=\"elementor-widget-container\">\n\t\t\t\t\t<h2 class=\"elementor-heading-title elementor-size-default\">Reserva tu alojamiento en Estepona<\/h2>\t\t\t\t<\/div>\n\t\t\t\t<\/div>\n\t\t\t\t<div class=\"elementor-element elementor-element-422a1761 elementor-widget-divider--view-line elementor-widget elementor-widget-divider\" data-id=\"422a1761\" data-element_type=\"widget\" data-e-type=\"widget\" data-widget_type=\"divider.default\">\n\t\t\t\t<div class=\"elementor-widget-container\">\n\t\t\t\t\t\t\t<div class=\"elementor-divider\">\n\t\t\t<span class=\"elementor-divider-separator\">\n\t\t\t\t\t\t<\/span>\n\t\t<\/div>\n\t\t\t\t\t\t<\/div>\n\t\t\t\t<\/div>\n\t\t\t\t<div class=\"elementor-element elementor-element-4f6a7bcd elementor-widget elementor-widget-text-editor\" data-id=\"4f6a7bcd\" data-element_type=\"widget\" data-e-type=\"widget\" data-widget_type=\"text-editor.default\">\n\t\t\t\t<div class=\"elementor-widget-container\">\n\t\t\t\t\t\t\t\t\t<p>Villa de lujo con capacidad hasta 7 personas en urbanizaci\u00f3n privada con piscinas, pista de tenis y aparcamiento.<\/p><p>Dispone de 3 dormitorios, 360 metros cuadrados, varias terrazas, 3 ba\u00f1os, 1 aseo y vistas al mar. La mejor relaci\u00f3n calidad precio de Estepona \u00a1Compru\u00e9balo!<\/p>\t\t\t\t\t\t\t\t<\/div>\n\t\t\t\t<\/div>\n\t\t\t\t<div class=\"elementor-element elementor-element-303c2c36 elementor-widget elementor-widget-html\" data-id=\"303c2c36\" data-element_type=\"widget\" data-e-type=\"widget\" data-widget_type=\"html.default\">\n\t\t\t\t<div class=\"elementor-widget-container\">\n\t\t\t\t\t\r\n<div id=\"apartmentIframeAll\">\r\n<script type=\"text\/javascript\" src=\"https:\/\/login.smoobu.com\/js\/Settings\/BookingToolIframe.js\"><\/script>\r\n<script>BookingToolIframe.initialize({\"url\": \"https:\/\/login.smoobu.com\/es\/booking-tool\/iframe\/367066\", \"baseUrl\": \"https:\/\/login.smoobu.com\", \"target\": \"#apartmentIframeAll\"})<\/script>\r\n<\/div>\r\n\t\t\t\t<\/div>\n\t\t\t\t<\/div>\n\t\t\t\t\t<\/div>\n\t\t<\/div>\n\t\t\t\t\t<\/div>\n\t\t<\/section>\n\t\t\t\t<\/div>\n\t\t","protected":false},"excerpt":{"rendered":"<p>Descubre c\u00f3mo Estepona se posiciona como un destino ecol\u00f3gico para n\u00f3madas digitales, comprometido con la sostenibilidad y la calidad de vida.<\/p>\n","protected":false},"author":2,"featured_media":3673,"comment_status":"closed","ping_status":"closed","sticky":false,"template":"elementor_header_footer","format":"standard","meta":{"site-sidebar-layout":"default","site-content-layout":"","ast-site-content-layout":"full-width-container","site-content-style":"default","site-sidebar-style":"default","ast-global-header-display":"","ast-banner-title-visibility":"","ast-main-header-display":"","ast-hfb-above-header-display":"","ast-hfb-below-header-display":"","ast-hfb-mobile-header-display":"","site-post-title":"","ast-breadcrumbs-content":"","ast-featured-img":"","footer-sml-layout":"","ast-disable-related-posts":"","theme-transparent-header-meta":"enabled","adv-header-id-meta":"","stick-header-meta":"","header-above-stick-meta":"","header-main-stick-meta":"","header-below-stick-meta":"","astra-migrate-meta-layouts":"set","ast-page-background-enabled":"default","ast-page-background-meta":{"desktop":{"background-color":"","background-image":"","background-repeat":"repeat","background-position":"center center","background-size":"auto","background-attachment":"scroll","background-type":"","background-media":"","overlay-type":"","overlay-color":"","overlay-opacity":"","overlay-gradient":""},"tablet":{"background-color":"","background-image":"","background-repeat":"repeat","background-position":"center center","background-size":"auto","background-attachment":"scroll","background-type":"","background-media":"","overlay-type":"","overlay-color":"","overlay-opacity":"","overlay-gradient":""},"mobile":{"background-color":"","background-image":"","background-repeat":"repeat","background-position":"center center","background-size":"auto","background-attachment":"scroll","background-type":"","background-media":"","overlay-type":"","overlay-color":"","overlay-opacity":"","overlay-gradient":""}},"ast-content-background-meta":{"desktop":{"background-color":"var(--ast-global-color-5)","background-image":"","background-repeat":"repeat","background-position":"center center","background-size":"auto","background-attachment":"scroll","background-type":"","background-media":"","overlay-type":"","overlay-color":"","overlay-opacity":"","overlay-gradient":""},"tablet":{"background-color":"var(--ast-global-color-5)","background-image":"","background-repeat":"repeat","background-position":"center center","background-size":"auto","background-attachment":"scroll","background-type":"","background-media":"","overlay-type":"","overlay-color":"","overlay-opacity":"","overlay-gradient":""},"mobile":{"background-color":"var(--ast-global-color-5)","background-image":"","background-repeat":"repeat","background-position":"center center","background-size":"auto","background-attachment":"scroll","background-type":"","background-media":"","overlay-type":"","overlay-color":"","overlay-opacity":"","overlay-gradient":""}},"footnotes":""},"categories":[1],"tags":[],"class_list":["post-3672","post","type-post","status-publish","format-standard","has-post-thumbnail","hentry","category-sin-categorizar"],"_links":{"self":[{"href":"https:\/\/bahiadorada.es\/en\/wp-json\/wp\/v2\/posts\/3672","targetHints":{"allow":["GET"]}}],"collection":[{"href":"https:\/\/bahiadorada.es\/en\/wp-json\/wp\/v2\/posts"}],"about":[{"href":"https:\/\/bahiadorada.es\/en\/wp-json\/wp\/v2\/types\/post"}],"author":[{"embeddable":true,"href":"https:\/\/bahiadorada.es\/en\/wp-json\/wp\/v2\/users\/2"}],"replies":[{"embeddable":true,"href":"https:\/\/bahiadorada.es\/en\/wp-json\/wp\/v2\/comments?post=3672"}],"version-history":[{"count":5,"href":"https:\/\/bahiadorada.es\/en\/wp-json\/wp\/v2\/posts\/3672\/revisions"}],"predecessor-version":[{"id":3714,"href":"https:\/\/bahiadorada.es\/en\/wp-json\/wp\/v2\/posts\/3672\/revisions\/3714"}],"wp:featuredmedia":[{"embeddable":true,"href":"https:\/\/bahiadorada.es\/en\/wp-json\/wp\/v2\/media\/3673"}],"wp:attachment":[{"href":"https:\/\/bahiadorada.es\/en\/wp-json\/wp\/v2\/media?parent=3672"}],"wp:term":[{"taxonomy":"category","embeddable":true,"href":"https:\/\/bahiadorada.es\/en\/wp-json\/wp\/v2\/categories?post=3672"},{"taxonomy":"post_tag","embeddable":true,"href":"https:\/\/bahiadorada.es\/en\/wp-json\/wp\/v2\/tags?post=3672"}],"curies":[{"name":"wp","href":"https:\/\/api.w.org\/{rel}","templated":true}]}}